{"id":1239,"date":"2025-10-07T06:27:59","date_gmt":"2025-10-07T06:27:59","guid":{"rendered":"https:\/\/kc.uniza.sk\/?p=1239"},"modified":"2025-10-07T06:38:29","modified_gmt":"2025-10-07T06:38:29","slug":"pavel-segec-ako-vynimocna-osobnost-vysokoskolskeho-vzdelavania","status":"publish","type":"post","link":"https:\/\/kc.uniza.sk\/?p=1239","title":{"rendered":"Pavel Sege\u010d ako v\u00fdnimo\u010dn\u00e1 osobnos\u0165 vysoko\u0161kolsk\u00e9ho vzdel\u00e1vania"},"content":{"rendered":"<p>S rados\u0165ou oznamujeme, \u017ee n\u00e1\u0161 v\u00e1\u017een\u00fd kolega, <strong>prof. Ing. Pavel Sege\u010d, PhD.<\/strong>, z Katedry informa\u010dn\u00fdch siet\u00ed Fakulty riadenia a informatiky (FRI) \u017dilinskej univerzity, sa stal jedn\u00fdm z finalistov prest\u00ed\u017eneho ocenenia <strong>ESET Science Award<\/strong> v kateg\u00f3rii <strong>V\u00fdnimo\u010dn\u00e1 osobnos\u0165 vysoko\u0161kolsk\u00e9ho vzdel\u00e1vania<\/strong>.<\/p><p>Profesor Sege\u010d, popredn\u00fd vedecko-v\u00fdskumn\u00fd pracovn\u00edk FRI, je uzn\u00e1vanou autoritou v oblasti aplikovanej informatiky. Jeho k\u013e\u00fa\u010dov\u00e9 odborn\u00e9 a v\u00fdskumn\u00e9 zameranie sa s\u00fastre\u010fuje na modern\u00e9 informa\u010dn\u00e9 technol\u00f3gie, najm\u00e4 na oblas\u0165 po\u010d\u00edta\u010dov\u00fdch siet\u00ed, cloud computing a predov\u0161etk\u00fdm na <strong>kybernetick\u00fa bezpe\u010dnos\u0165<\/strong>.<\/p><h3 class=\"wp-block-heading\">Kybernetick\u00e1 bezpe\u010dnos\u0165 a budovanie digit\u00e1lnej odolnosti<\/h3><p>Jeho pr\u00ednos je neoddelite\u013ene spojen\u00fd s rozvojom prakticky orientovan\u00e9ho vzdel\u00e1vania v IT, ktor\u00e9 je k\u013e\u00fa\u010dov\u00e9 pre zvy\u0161ovanie digit\u00e1lnej odolnosti Slovenska. Pr\u00e1ve v\u010faka jeho expert\u00edze a zanieteniu pre oblas\u0165 kybernetickej bezpe\u010dnosti v\u00fdznamne prispieva k rozvoju <strong>Kompeten\u010dn\u00e9ho centra kybernetickej bezpe\u010dnosti UNIZA (KC KYB UNIZA)<\/strong>, ktor\u00e9 sa zameriava na:<\/p><ul class=\"wp-block-list\"><li><strong>Systematick\u00fa tvorbu metod\u00edk a vzdel\u00e1vac\u00edch materi\u00e1lov<\/strong> pre odborn\u00edkov v \u0161t\u00e1tnej spr\u00e1ve a s\u00fakromnom sektore.<\/li>\n\n<li><strong>Aplikovan\u00fa v\u00fdskumn\u00fa a v\u00fdvojov\u00fa \u010dinnos\u0165<\/strong> v reakcii na rast\u00face sofistikovan\u00e9 kybernetick\u00e9 hrozby.<\/li><\/ul><p>Profesor Sege\u010d je garantom dvoch \u0161tudijn\u00fdch programov a zakladate\u013eom viacer\u00fdch vzdel\u00e1vac\u00edch akad\u00e9mi\u00ed, \u010d\u00edm priamo formuje nov\u00fa gener\u00e1ciu \u0161pecialistov, ktor\u00ed dok\u00e1\u017eu \u010deli\u0165 v\u00fdzvam v neust\u00e1le sa meniacom svete kybernetickej bezpe\u010dnosti.<\/p><p>Publikoval viac ako stovku vedeck\u00fdch pr\u00e1c citovan\u00fdch v medzin\u00e1rodn\u00fdch datab\u00e1zach, no rovnako d\u00f4le\u017eit\u00e9 je, \u017ee jeho meno sa sp\u00e1ja s budovan\u00edm silnej komunity odborn\u00edkov a \u0161tudentov, ktor\u00ed v\u010faka nemu nach\u00e1dzaj\u00fa cestu do sveta modern\u00fdch informa\u010dn\u00fdch a komunika\u010dn\u00fdch technol\u00f3gi\u00ed.<\/p><p>Vyhl\u00e1senie laure\u00e1tov ocenenia ESET Science Award sa uskuto\u010dn\u00ed <strong>9. okt\u00f3bra 2025<\/strong> v priestoroch Slovenskej filharm\u00f3nie v Bratislave. LiveStream z Galave\u010dera m\u00f4\u017eete sledova\u0165 [<a href=\"https:\/\/www.esetscienceaward.sk\/sk\/highlights\/2025\"><strong>TU<\/strong><\/a>].<\/p><p>Viac inform\u00e1ci\u00ed o na\u0161om kolegovi \u2013 finalistovi si m\u00f4\u017eete pre\u010d\u00edta\u0165 [<a href=\"https:\/\/www.esetscienceaward.sk\/sk\/finalisti\/pavel-segec\"><strong>TU<\/strong><\/a>].<\/p><p><\/p>","protected":false},"excerpt":{"rendered":"<p>S rados\u0165ou oznamujeme, \u017ee n\u00e1\u0161 v\u00e1\u017een\u00fd kolega, prof. Ing. Pavel Sege\u010d, PhD., z Katedry informa\u010dn\u00fdch siet\u00ed Fakulty riadenia a informatiky (FRI) \u017dilinskej univerzity, sa stal jedn\u00fdm z finalistov prest\u00ed\u017eneho ocenenia&hellip;<\/p>\n","protected":false},"author":1,"featured_media":1240,"comment_status":"closed","ping_status":"open","sticky":false,"template":"","format":"standard","meta":{"footnotes":""},"categories":[36,45],"tags":[],"class_list":["post-1239","post","type-post","status-publish","format-standard","has-post-thumbnail","hentry","category-podujatia","category-vzdelavanie-lektorov"],"yoast_head":"<!-- This site is optimized with the Yoast SEO plugin v25.1 - https:\/\/yoast.com\/wordpress\/plugins\/seo\/ -->\n<title>Pavel Sege\u010d ako v\u00fdnimo\u010dn\u00e1 osobnos\u0165 vysoko\u0161kolsk\u00e9ho vzdel\u00e1vania - Kompeten\u010dn\u00e9 centrum kybernetickej bezpe\u010dnosti UNIZA<\/title>\n<meta name=\"robots\" content=\"index, follow, max-snippet:-1, max-image-preview:large, max-video-preview:-1\" \/>\n<link rel=\"canonical\" href=\"https:\/\/kc.uniza.sk\/?p=1239\" \/>\n<meta property=\"og:locale\" content=\"sk_SK\" \/>\n<meta property=\"og:type\" content=\"article\" \/>\n<meta property=\"og:title\" content=\"Pavel Sege\u010d ako v\u00fdnimo\u010dn\u00e1 osobnos\u0165 vysoko\u0161kolsk\u00e9ho vzdel\u00e1vania - Kompeten\u010dn\u00e9 centrum kybernetickej bezpe\u010dnosti UNIZA\" \/>\n<meta property=\"og:description\" content=\"S rados\u0165ou oznamujeme, \u017ee n\u00e1\u0161 v\u00e1\u017een\u00fd kolega, prof. Ing. Pavel Sege\u010d, PhD., z Katedry informa\u010dn\u00fdch siet\u00ed Fakulty riadenia a informatiky (FRI) \u017dilinskej univerzity, sa stal jedn\u00fdm z finalistov prest\u00ed\u017eneho ocenenia&hellip;\" \/>\n<meta property=\"og:url\" content=\"https:\/\/kc.uniza.sk\/?p=1239\" \/>\n<meta property=\"og:site_name\" content=\"Kompeten\u010dn\u00e9 centrum kybernetickej bezpe\u010dnosti UNIZA\" \/>\n<meta property=\"article:published_time\" content=\"2025-10-07T06:27:59+00:00\" \/>\n<meta property=\"article:modified_time\" content=\"2025-10-07T06:38:29+00:00\" \/>\n<meta property=\"og:image\" content=\"http:\/\/kc.uniza.sk\/wp-content\/uploads\/2025\/10\/1759646152-mceu_34698640711759646149619-e1759818669653.jpg\" \/>\n\t<meta property=\"og:image:width\" content=\"2048\" \/>\n\t<meta property=\"og:image:height\" content=\"1840\" \/>\n\t<meta property=\"og:image:type\" content=\"image\/jpeg\" \/>\n<meta name=\"author\" content=\"kc.uniza\" \/>\n<meta name=\"twitter:card\" content=\"summary_large_image\" \/>\n<meta name=\"twitter:label1\" content=\"Autor\" \/>\n\t<meta name=\"twitter:data1\" content=\"kc.uniza\" \/>\n\t<meta name=\"twitter:label2\" content=\"Predpokladan\u00fd \u010das \u010d\u00edtania\" \/>\n\t<meta name=\"twitter:data2\" content=\"2 min\u00faty\" \/>\n<script type=\"application\/ld+json\" class=\"yoast-schema-graph\">{\"@context\":\"https:\/\/schema.org\",\"@graph\":[{\"@type\":\"Article\",\"@id\":\"https:\/\/kc.uniza.sk\/?p=1239#article\",\"isPartOf\":{\"@id\":\"https:\/\/kc.uniza.sk\/?p=1239\"},\"author\":{\"name\":\"kc.uniza\",\"@id\":\"https:\/\/kc.uniza.sk\/#\/schema\/person\/c63c2b5cac092384bdc03d8a716ec85e\"},\"headline\":\"Pavel Sege\u010d ako v\u00fdnimo\u010dn\u00e1 osobnos\u0165 vysoko\u0161kolsk\u00e9ho vzdel\u00e1vania\",\"datePublished\":\"2025-10-07T06:27:59+00:00\",\"dateModified\":\"2025-10-07T06:38:29+00:00\",\"mainEntityOfPage\":{\"@id\":\"https:\/\/kc.uniza.sk\/?p=1239\"},\"wordCount\":360,\"publisher\":{\"@id\":\"https:\/\/kc.uniza.sk\/#organization\"},\"image\":{\"@id\":\"https:\/\/kc.uniza.sk\/?p=1239#primaryimage\"},\"thumbnailUrl\":\"https:\/\/kc.uniza.sk\/wp-content\/uploads\/2025\/10\/1759646152-mceu_34698640711759646149619-e1759818669653.jpg\",\"articleSection\":[\"Podujatia\",\"Vzdel\u00e1vanie lektorov\"],\"inLanguage\":\"sk-SK\"},{\"@type\":\"WebPage\",\"@id\":\"https:\/\/kc.uniza.sk\/?p=1239\",\"url\":\"https:\/\/kc.uniza.sk\/?p=1239\",\"name\":\"Pavel Sege\u010d ako v\u00fdnimo\u010dn\u00e1 osobnos\u0165 vysoko\u0161kolsk\u00e9ho vzdel\u00e1vania - Kompeten\u010dn\u00e9 centrum kybernetickej bezpe\u010dnosti UNIZA\",\"isPartOf\":{\"@id\":\"https:\/\/kc.uniza.sk\/#website\"},\"primaryImageOfPage\":{\"@id\":\"https:\/\/kc.uniza.sk\/?p=1239#primaryimage\"},\"image\":{\"@id\":\"https:\/\/kc.uniza.sk\/?p=1239#primaryimage\"},\"thumbnailUrl\":\"https:\/\/kc.uniza.sk\/wp-content\/uploads\/2025\/10\/1759646152-mceu_34698640711759646149619-e1759818669653.jpg\",\"datePublished\":\"2025-10-07T06:27:59+00:00\",\"dateModified\":\"2025-10-07T06:38:29+00:00\",\"breadcrumb\":{\"@id\":\"https:\/\/kc.uniza.sk\/?p=1239#breadcrumb\"},\"inLanguage\":\"sk-SK\",\"potentialAction\":[{\"@type\":\"ReadAction\",\"target\":[\"https:\/\/kc.uniza.sk\/?p=1239\"]}]},{\"@type\":\"ImageObject\",\"inLanguage\":\"sk-SK\",\"@id\":\"https:\/\/kc.uniza.sk\/?p=1239#primaryimage\",\"url\":\"https:\/\/kc.uniza.sk\/wp-content\/uploads\/2025\/10\/1759646152-mceu_34698640711759646149619-e1759818669653.jpg\",\"contentUrl\":\"https:\/\/kc.uniza.sk\/wp-content\/uploads\/2025\/10\/1759646152-mceu_34698640711759646149619-e1759818669653.jpg\",\"width\":2048,\"height\":1840},{\"@type\":\"BreadcrumbList\",\"@id\":\"https:\/\/kc.uniza.sk\/?p=1239#breadcrumb\",\"itemListElement\":[{\"@type\":\"ListItem\",\"position\":1,\"name\":\"Domovsk\u00e1 str\u00e1nka\",\"item\":\"https:\/\/kc.uniza.sk\/\"},{\"@type\":\"ListItem\",\"position\":2,\"name\":\"Pavel Sege\u010d ako v\u00fdnimo\u010dn\u00e1 osobnos\u0165 vysoko\u0161kolsk\u00e9ho vzdel\u00e1vania\"}]},{\"@type\":\"WebSite\",\"@id\":\"https:\/\/kc.uniza.sk\/#website\",\"url\":\"https:\/\/kc.uniza.sk\/\",\"name\":\"Kompeten\u010dn\u00e9 centrum kybernetickej bezpe\u010dnosti UNIZA\",\"description\":\"\",\"publisher\":{\"@id\":\"https:\/\/kc.uniza.sk\/#organization\"},\"potentialAction\":[{\"@type\":\"SearchAction\",\"target\":{\"@type\":\"EntryPoint\",\"urlTemplate\":\"https:\/\/kc.uniza.sk\/?s={search_term_string}\"},\"query-input\":{\"@type\":\"PropertyValueSpecification\",\"valueRequired\":true,\"valueName\":\"search_term_string\"}}],\"inLanguage\":\"sk-SK\"},{\"@type\":\"Organization\",\"@id\":\"https:\/\/kc.uniza.sk\/#organization\",\"name\":\"Kompeten\u010dn\u00e9 centrum kybernetickej bezpe\u010dnosti UNIZA\",\"url\":\"https:\/\/kc.uniza.sk\/\",\"logo\":{\"@type\":\"ImageObject\",\"inLanguage\":\"sk-SK\",\"@id\":\"https:\/\/kc.uniza.sk\/#\/schema\/logo\/image\/\",\"url\":\"https:\/\/kc.uniza.sk\/wp-content\/uploads\/2025\/03\/cropped-2-1-e1741152780415.png\",\"contentUrl\":\"https:\/\/kc.uniza.sk\/wp-content\/uploads\/2025\/03\/cropped-2-1-e1741152780415.png\",\"width\":402,\"height\":97,\"caption\":\"Kompeten\u010dn\u00e9 centrum kybernetickej bezpe\u010dnosti UNIZA\"},\"image\":{\"@id\":\"https:\/\/kc.uniza.sk\/#\/schema\/logo\/image\/\"}},{\"@type\":\"Person\",\"@id\":\"https:\/\/kc.uniza.sk\/#\/schema\/person\/c63c2b5cac092384bdc03d8a716ec85e\",\"name\":\"kc.uniza\",\"image\":{\"@type\":\"ImageObject\",\"inLanguage\":\"sk-SK\",\"@id\":\"https:\/\/kc.uniza.sk\/#\/schema\/person\/image\/\",\"url\":\"https:\/\/secure.gravatar.com\/avatar\/3a138f0bcde8a3873b522fb8c9e0ff7d16dc2f2529d9af33d33aefeb23af1be5?s=96&d=mm&r=g\",\"contentUrl\":\"https:\/\/secure.gravatar.com\/avatar\/3a138f0bcde8a3873b522fb8c9e0ff7d16dc2f2529d9af33d33aefeb23af1be5?s=96&d=mm&r=g\",\"caption\":\"kc.uniza\"},\"sameAs\":[\"https:\/\/kc.uniza.sk\"],\"url\":\"https:\/\/kc.uniza.sk\/?author=1\"}]}<\/script>\n<!-- \/ Yoast SEO plugin. -->","yoast_head_json":{"title":"Pavel Sege\u010d ako v\u00fdnimo\u010dn\u00e1 osobnos\u0165 vysoko\u0161kolsk\u00e9ho vzdel\u00e1vania - Kompeten\u010dn\u00e9 centrum kybernetickej bezpe\u010dnosti UNIZA","robots":{"index":"index","follow":"follow","max-snippet":"max-snippet:-1","max-image-preview":"max-image-preview:large","max-video-preview":"max-video-preview:-1"},"canonical":"https:\/\/kc.uniza.sk\/?p=1239","og_locale":"sk_SK","og_type":"article","og_title":"Pavel Sege\u010d ako v\u00fdnimo\u010dn\u00e1 osobnos\u0165 vysoko\u0161kolsk\u00e9ho vzdel\u00e1vania - Kompeten\u010dn\u00e9 centrum kybernetickej bezpe\u010dnosti UNIZA","og_description":"S rados\u0165ou oznamujeme, \u017ee n\u00e1\u0161 v\u00e1\u017een\u00fd kolega, prof. Ing. Pavel Sege\u010d, PhD., z Katedry informa\u010dn\u00fdch siet\u00ed Fakulty riadenia a informatiky (FRI) \u017dilinskej univerzity, sa stal jedn\u00fdm z finalistov prest\u00ed\u017eneho ocenenia&hellip;","og_url":"https:\/\/kc.uniza.sk\/?p=1239","og_site_name":"Kompeten\u010dn\u00e9 centrum kybernetickej bezpe\u010dnosti UNIZA","article_published_time":"2025-10-07T06:27:59+00:00","article_modified_time":"2025-10-07T06:38:29+00:00","og_image":[{"width":2048,"height":1840,"url":"http:\/\/kc.uniza.sk\/wp-content\/uploads\/2025\/10\/1759646152-mceu_34698640711759646149619-e1759818669653.jpg","type":"image\/jpeg"}],"author":"kc.uniza","twitter_card":"summary_large_image","twitter_misc":{"Autor":"kc.uniza","Predpokladan\u00fd \u010das \u010d\u00edtania":"2 min\u00faty"},"schema":{"@context":"https:\/\/schema.org","@graph":[{"@type":"Article","@id":"https:\/\/kc.uniza.sk\/?p=1239#article","isPartOf":{"@id":"https:\/\/kc.uniza.sk\/?p=1239"},"author":{"name":"kc.uniza","@id":"https:\/\/kc.uniza.sk\/#\/schema\/person\/c63c2b5cac092384bdc03d8a716ec85e"},"headline":"Pavel Sege\u010d ako v\u00fdnimo\u010dn\u00e1 osobnos\u0165 vysoko\u0161kolsk\u00e9ho vzdel\u00e1vania","datePublished":"2025-10-07T06:27:59+00:00","dateModified":"2025-10-07T06:38:29+00:00","mainEntityOfPage":{"@id":"https:\/\/kc.uniza.sk\/?p=1239"},"wordCount":360,"publisher":{"@id":"https:\/\/kc.uniza.sk\/#organization"},"image":{"@id":"https:\/\/kc.uniza.sk\/?p=1239#primaryimage"},"thumbnailUrl":"https:\/\/kc.uniza.sk\/wp-content\/uploads\/2025\/10\/1759646152-mceu_34698640711759646149619-e1759818669653.jpg","articleSection":["Podujatia","Vzdel\u00e1vanie lektorov"],"inLanguage":"sk-SK"},{"@type":"WebPage","@id":"https:\/\/kc.uniza.sk\/?p=1239","url":"https:\/\/kc.uniza.sk\/?p=1239","name":"Pavel Sege\u010d ako v\u00fdnimo\u010dn\u00e1 osobnos\u0165 vysoko\u0161kolsk\u00e9ho vzdel\u00e1vania - Kompeten\u010dn\u00e9 centrum kybernetickej bezpe\u010dnosti UNIZA","isPartOf":{"@id":"https:\/\/kc.uniza.sk\/#website"},"primaryImageOfPage":{"@id":"https:\/\/kc.uniza.sk\/?p=1239#primaryimage"},"image":{"@id":"https:\/\/kc.uniza.sk\/?p=1239#primaryimage"},"thumbnailUrl":"https:\/\/kc.uniza.sk\/wp-content\/uploads\/2025\/10\/1759646152-mceu_34698640711759646149619-e1759818669653.jpg","datePublished":"2025-10-07T06:27:59+00:00","dateModified":"2025-10-07T06:38:29+00:00","breadcrumb":{"@id":"https:\/\/kc.uniza.sk\/?p=1239#breadcrumb"},"inLanguage":"sk-SK","potentialAction":[{"@type":"ReadAction","target":["https:\/\/kc.uniza.sk\/?p=1239"]}]},{"@type":"ImageObject","inLanguage":"sk-SK","@id":"https:\/\/kc.uniza.sk\/?p=1239#primaryimage","url":"https:\/\/kc.uniza.sk\/wp-content\/uploads\/2025\/10\/1759646152-mceu_34698640711759646149619-e1759818669653.jpg","contentUrl":"https:\/\/kc.uniza.sk\/wp-content\/uploads\/2025\/10\/1759646152-mceu_34698640711759646149619-e1759818669653.jpg","width":2048,"height":1840},{"@type":"BreadcrumbList","@id":"https:\/\/kc.uniza.sk\/?p=1239#breadcrumb","itemListElement":[{"@type":"ListItem","position":1,"name":"Domovsk\u00e1 str\u00e1nka","item":"https:\/\/kc.uniza.sk\/"},{"@type":"ListItem","position":2,"name":"Pavel Sege\u010d ako v\u00fdnimo\u010dn\u00e1 osobnos\u0165 vysoko\u0161kolsk\u00e9ho vzdel\u00e1vania"}]},{"@type":"WebSite","@id":"https:\/\/kc.uniza.sk\/#website","url":"https:\/\/kc.uniza.sk\/","name":"Kompeten\u010dn\u00e9 centrum kybernetickej bezpe\u010dnosti UNIZA","description":"","publisher":{"@id":"https:\/\/kc.uniza.sk\/#organization"},"potentialAction":[{"@type":"SearchAction","target":{"@type":"EntryPoint","urlTemplate":"https:\/\/kc.uniza.sk\/?s={search_term_string}"},"query-input":{"@type":"PropertyValueSpecification","valueRequired":true,"valueName":"search_term_string"}}],"inLanguage":"sk-SK"},{"@type":"Organization","@id":"https:\/\/kc.uniza.sk\/#organization","name":"Kompeten\u010dn\u00e9 centrum kybernetickej bezpe\u010dnosti UNIZA","url":"https:\/\/kc.uniza.sk\/","logo":{"@type":"ImageObject","inLanguage":"sk-SK","@id":"https:\/\/kc.uniza.sk\/#\/schema\/logo\/image\/","url":"https:\/\/kc.uniza.sk\/wp-content\/uploads\/2025\/03\/cropped-2-1-e1741152780415.png","contentUrl":"https:\/\/kc.uniza.sk\/wp-content\/uploads\/2025\/03\/cropped-2-1-e1741152780415.png","width":402,"height":97,"caption":"Kompeten\u010dn\u00e9 centrum kybernetickej bezpe\u010dnosti UNIZA"},"image":{"@id":"https:\/\/kc.uniza.sk\/#\/schema\/logo\/image\/"}},{"@type":"Person","@id":"https:\/\/kc.uniza.sk\/#\/schema\/person\/c63c2b5cac092384bdc03d8a716ec85e","name":"kc.uniza","image":{"@type":"ImageObject","inLanguage":"sk-SK","@id":"https:\/\/kc.uniza.sk\/#\/schema\/person\/image\/","url":"https:\/\/secure.gravatar.com\/avatar\/3a138f0bcde8a3873b522fb8c9e0ff7d16dc2f2529d9af33d33aefeb23af1be5?s=96&d=mm&r=g","contentUrl":"https:\/\/secure.gravatar.com\/avatar\/3a138f0bcde8a3873b522fb8c9e0ff7d16dc2f2529d9af33d33aefeb23af1be5?s=96&d=mm&r=g","caption":"kc.uniza"},"sameAs":["https:\/\/kc.uniza.sk"],"url":"https:\/\/kc.uniza.sk\/?author=1"}]}},"_links":{"self":[{"href":"https:\/\/kc.uniza.sk\/index.php?rest_route=\/wp\/v2\/posts\/1239","targetHints":{"allow":["GET"]}}],"collection":[{"href":"https:\/\/kc.uniza.sk\/index.php?rest_route=\/wp\/v2\/posts"}],"about":[{"href":"https:\/\/kc.uniza.sk\/index.php?rest_route=\/wp\/v2\/types\/post"}],"author":[{"embeddable":true,"href":"https:\/\/kc.uniza.sk\/index.php?rest_route=\/wp\/v2\/users\/1"}],"replies":[{"embeddable":true,"href":"https:\/\/kc.uniza.sk\/index.php?rest_route=%2Fwp%2Fv2%2Fcomments&post=1239"}],"version-history":[{"count":1,"href":"https:\/\/kc.uniza.sk\/index.php?rest_route=\/wp\/v2\/posts\/1239\/revisions"}],"predecessor-version":[{"id":1241,"href":"https:\/\/kc.uniza.sk\/index.php?rest_route=\/wp\/v2\/posts\/1239\/revisions\/1241"}],"wp:featuredmedia":[{"embeddable":true,"href":"https:\/\/kc.uniza.sk\/index.php?rest_route=\/wp\/v2\/media\/1240"}],"wp:attachment":[{"href":"https:\/\/kc.uniza.sk\/index.php?rest_route=%2Fwp%2Fv2%2Fmedia&parent=1239"}],"wp:term":[{"taxonomy":"category","embeddable":true,"href":"https:\/\/kc.uniza.sk\/index.php?rest_route=%2Fwp%2Fv2%2Fcategories&post=1239"},{"taxonomy":"post_tag","embeddable":true,"href":"https:\/\/kc.uniza.sk\/index.php?rest_route=%2Fwp%2Fv2%2Ftags&post=1239"}],"curies":[{"name":"wp","href":"https:\/\/api.w.org\/{rel}","templated":true}]}}